{"id":3699,"date":"2024-07-21T18:48:28","date_gmt":"2024-07-21T22:48:28","guid":{"rendered":"https:\/\/www.precisionhcc.com\/?p=3699"},"modified":"2025-04-02T10:34:48","modified_gmt":"2025-04-02T14:34:48","slug":"embracing-empowerment-and-inclusion-celebrating-disability-pride-month","status":"publish","type":"post","link":"https:\/\/www.precisionhcc.com\/es\/embracing-empowerment-and-inclusion-celebrating-disability-pride-month\/","title":{"rendered":"Potenciaci\u00f3n e inclusi\u00f3n: Celebraci\u00f3n del Mes del Orgullo de la Discapacidad"},"content":{"rendered":"<div data-elementor-type=\"wp-post\" data-elementor-id=\"3699\" class=\"elementor elementor-3699\" data-elementor-post-type=\"post\">\n\t\t\t\t<div class=\"elementor-element elementor-element-dfe567a e-flex e-con-boxed e-con e-parent\" data-id=\"dfe567a\" data-element_type=\"container\" data-e-type=\"container\" data-settings=\"{&quot;jet_parallax_layout_list&quot;:[],&quot;background_background&quot;:&quot;classic&quot;}\">\n\t\t\t\t\t<div class=\"e-con-inner\">\n\t\t<div class=\"elementor-element elementor-element-84cc11e e-con-full e-flex e-con e-child\" data-id=\"84cc11e\" data-element_type=\"container\" data-e-type=\"container\" data-settings=\"{&quot;jet_parallax_layout_list&quot;:[]}\">\n\t\t\t\t<div class=\"elementor-element elementor-element-6f3dfdc elementor-widget elementor-widget-spacer\" data-id=\"6f3dfdc\" data-element_type=\"widget\" data-e-type=\"widget\" data-widget_type=\"spacer.default\">\n\t\t\t\t<div class=\"elementor-widget-container\">\n\t\t\t\t\t\t\t<div class=\"elementor-spacer\">\n\t\t\t<div class=\"elementor-spacer-inner\"><\/div>\n\t\t<\/div>\n\t\t\t\t\t\t<\/div>\n\t\t\t\t<\/div>\n\t\t\t\t<div class=\"elementor-element elementor-element-97f615a elementor-invisible elementor-widget elementor-widget-heading\" data-id=\"97f615a\" data-element_type=\"widget\" data-e-type=\"widget\" data-settings=\"{&quot;_animation&quot;:&quot;fadeInDown&quot;}\" data-widget_type=\"heading.default\">\n\t\t\t\t<div class=\"elementor-widget-container\">\n\t\t\t\t\t<h1 class=\"elementor-heading-title elementor-size-default\">Potenciaci\u00f3n e inclusi\u00f3n: Celebraci\u00f3n del Mes del Orgullo de la Discapacidad<\/h1>\t\t\t\t<\/div>\n\t\t\t\t<\/div>\n\t\t\t\t<div class=\"elementor-element elementor-element-86d01f2 elementor-widget-divider--view-line elementor-invisible elementor-widget elementor-widget-divider\" data-id=\"86d01f2\" data-element_type=\"widget\" data-e-type=\"widget\" data-settings=\"{&quot;_animation&quot;:&quot;fadeInUp&quot;,&quot;_animation_delay&quot;:100}\" data-widget_type=\"divider.default\">\n\t\t\t\t<div class=\"elementor-widget-container\">\n\t\t\t\t\t\t\t<div class=\"elementor-divider\">\n\t\t\t<span class=\"elementor-divider-separator\">\n\t\t\t\t\t\t<\/span>\n\t\t<\/div>\n\t\t\t\t\t\t<\/div>\n\t\t\t\t<\/div>\n\t\t\t\t<div class=\"elementor-element elementor-element-d650f2c elementor-widget elementor-widget-spacer\" data-id=\"d650f2c\" data-element_type=\"widget\" data-e-type=\"widget\" data-widget_type=\"spacer.default\">\n\t\t\t\t<div class=\"elementor-widget-container\">\n\t\t\t\t\t\t\t<div class=\"elementor-spacer\">\n\t\t\t<div class=\"elementor-spacer-inner\"><\/div>\n\t\t<\/div>\n\t\t\t\t\t\t<\/div>\n\t\t\t\t<\/div>\n\t\t\t\t<\/div>\n\t\t\t\t\t<\/div>\n\t\t\t\t<\/div>\n\t\t<div class=\"elementor-element elementor-element-c198674 e-flex e-con-boxed e-con e-parent\" data-id=\"c198674\" data-element_type=\"container\" data-e-type=\"container\" data-settings=\"{&quot;jet_parallax_layout_list&quot;:[]}\">\n\t\t\t\t\t<div class=\"e-con-inner\">\n\t\t<div class=\"elementor-element elementor-element-45847ad e-con-full e-flex elementor-invisible e-con e-child\" data-id=\"45847ad\" data-element_type=\"container\" data-e-type=\"container\" data-settings=\"{&quot;jet_parallax_layout_list&quot;:[],&quot;background_background&quot;:&quot;classic&quot;,&quot;animation&quot;:&quot;fadeInUp&quot;}\">\n\t\t<div class=\"elementor-element elementor-element-c38c833 e-con-full e-flex e-con e-child\" data-id=\"c38c833\" data-element_type=\"container\" data-e-type=\"container\" data-settings=\"{&quot;jet_parallax_layout_list&quot;:[]}\">\n\t\t<div class=\"elementor-element elementor-element-7a36614 e-con-full zoomin e-flex e-con e-child\" data-id=\"7a36614\" data-element_type=\"container\" data-e-type=\"container\" data-settings=\"{&quot;jet_parallax_layout_list&quot;:[]}\">\n\t\t\t\t<div class=\"elementor-element elementor-element-025e497 elementor-widget elementor-widget-spacer\" data-id=\"025e497\" data-element_type=\"widget\" data-e-type=\"widget\" data-widget_type=\"spacer.default\">\n\t\t\t\t<div class=\"elementor-widget-container\">\n\t\t\t\t\t\t\t<div class=\"elementor-spacer\">\n\t\t\t<div class=\"elementor-spacer-inner\"><\/div>\n\t\t<\/div>\n\t\t\t\t\t\t<\/div>\n\t\t\t\t<\/div>\n\t\t\t\t<\/div>\n\t\t\t\t<\/div>\n\t\t\t\t<\/div>\n\t\t\t\t\t<\/div>\n\t\t\t\t<\/div>\n\t\t<div class=\"elementor-element elementor-element-a926cc5 e-flex e-con-boxed e-con e-parent\" data-id=\"a926cc5\" data-element_type=\"container\" data-e-type=\"container\" data-settings=\"{&quot;jet_parallax_layout_list&quot;:[]}\">\n\t\t\t\t\t<div class=\"e-con-inner\">\n\t\t<div class=\"elementor-element elementor-element-38d67a8 e-con-full e-flex elementor-invisible e-con e-child\" data-id=\"38d67a8\" data-element_type=\"container\" data-e-type=\"container\" data-settings=\"{&quot;jet_parallax_layout_list&quot;:[],&quot;background_background&quot;:&quot;classic&quot;,&quot;animation&quot;:&quot;fadeInUp&quot;}\">\n\t\t<div class=\"elementor-element elementor-element-4e4303b e-con-full e-flex e-con e-child\" data-id=\"4e4303b\" data-element_type=\"container\" data-e-type=\"container\" data-settings=\"{&quot;jet_parallax_layout_list&quot;:[]}\">\n\t\t\t\t<div class=\"elementor-element elementor-element-b5d2ff8 elementor-widget elementor-widget-text-editor\" data-id=\"b5d2ff8\" data-element_type=\"widget\" data-e-type=\"widget\" data-widget_type=\"text-editor.default\">\n\t\t\t\t<div class=\"elementor-widget-container\">\n\t\t\t\t\t\t\t\t\t<p>\u00a1En julio, \u00fanete a Precision HealthCare Consultants para celebrar el Mes del Orgullo de las Personas con Discapacidad! Esta celebraci\u00f3n mundial tiene sus ra\u00edces en los Estados Unidos, donde conmemora la promulgaci\u00f3n de la importante Ley de Estadounidenses con Discapacidades de 1990 (ADA, por sus siglas en ingl\u00e9s). Esta legislaci\u00f3n proh\u00edbe a los empleadores discriminar a las personas calificadas por su discapacidad. Adem\u00e1s, la ADA exige la no discriminaci\u00f3n en diversos \u00e1mbitos, incluidos los servicios gubernamentales estatales y locales, los alojamientos p\u00fablicos, el transporte y las telecomunicaciones.<\/p>\t\t\t\t\t\t\t\t<\/div>\n\t\t\t\t<\/div>\n\t\t\t\t<\/div>\n\t\t<div class=\"elementor-element elementor-element-597a694 e-con-full e-flex e-con e-child\" data-id=\"597a694\" data-element_type=\"container\" data-e-type=\"container\" data-settings=\"{&quot;jet_parallax_layout_list&quot;:[]}\">\n\t\t<div class=\"elementor-element elementor-element-a9a8188 e-con-full zoomin e-flex e-con e-child\" data-id=\"a9a8188\" data-element_type=\"container\" data-e-type=\"container\" data-settings=\"{&quot;jet_parallax_layout_list&quot;:[],&quot;background_background&quot;:&quot;video&quot;,&quot;background_video_link&quot;:&quot;https:\\\/\\\/www.precisionhcc.com\\\/wp-content\\\/uploads\\\/2024\\\/07\\\/6423531_Animation_Spinning_1920x1080.mp4&quot;}\">\n\t\t<div class=\"elementor-background-video-container elementor-hidden-mobile\">\n\t\t\t\t\t\t\t<video class=\"elementor-background-video-hosted\" role=\"presentation\" autoplay muted playsinline loop><\/video>\n\t\t\t\t\t<\/div>\t\t<div class=\"elementor-element elementor-element-604c392 elementor-widget elementor-widget-spacer\" data-id=\"604c392\" data-element_type=\"widget\" data-e-type=\"widget\" data-widget_type=\"spacer.default\">\n\t\t\t\t<div class=\"elementor-widget-container\">\n\t\t\t\t\t\t\t<div class=\"elementor-spacer\">\n\t\t\t<div class=\"elementor-spacer-inner\"><\/div>\n\t\t<\/div>\n\t\t\t\t\t\t<\/div>\n\t\t\t\t<\/div>\n\t\t\t\t<\/div>\n\t\t\t\t<\/div>\n\t\t\t\t<\/div>\n\t\t\t\t\t<\/div>\n\t\t\t\t<\/div>\n\t\t<div class=\"elementor-element elementor-element-90e34eb e-flex e-con-boxed e-con e-parent\" data-id=\"90e34eb\" data-element_type=\"container\" data-e-type=\"container\" data-settings=\"{&quot;jet_parallax_layout_list&quot;:[]}\">\n\t\t\t\t\t<div class=\"e-con-inner\">\n\t\t<div class=\"elementor-element elementor-element-e9eb916 e-con-full e-flex elementor-invisible e-con e-child\" data-id=\"e9eb916\" data-element_type=\"container\" data-e-type=\"container\" data-settings=\"{&quot;jet_parallax_layout_list&quot;:[],&quot;background_background&quot;:&quot;classic&quot;,&quot;animation&quot;:&quot;fadeInUp&quot;}\">\n\t\t<div class=\"elementor-element elementor-element-584b1a4 e-con-full e-flex e-con e-child\" data-id=\"584b1a4\" data-element_type=\"container\" data-e-type=\"container\" data-settings=\"{&quot;jet_parallax_layout_list&quot;:[]}\">\n\t\t<div class=\"elementor-element elementor-element-dfb0a0d e-con-full zoomin e-flex e-con e-child\" data-id=\"dfb0a0d\" data-element_type=\"container\" data-e-type=\"container\" data-settings=\"{&quot;jet_parallax_layout_list&quot;:[],&quot;background_background&quot;:&quot;classic&quot;}\">\n\t\t<div class=\"elementor-element elementor-element-bf7ab27 e-con-full e-flex e-con e-child\" data-id=\"bf7ab27\" data-element_type=\"container\" data-e-type=\"container\" data-settings=\"{&quot;jet_parallax_layout_list&quot;:[]}\">\n\t\t\t\t<div class=\"elementor-element elementor-element-c75a354 elementor-widget elementor-widget-spacer\" data-id=\"c75a354\" data-element_type=\"widget\" data-e-type=\"widget\" data-widget_type=\"spacer.default\">\n\t\t\t\t<div class=\"elementor-widget-container\">\n\t\t\t\t\t\t\t<div class=\"elementor-spacer\">\n\t\t\t<div class=\"elementor-spacer-inner\"><\/div>\n\t\t<\/div>\n\t\t\t\t\t\t<\/div>\n\t\t\t\t<\/div>\n\t\t\t\t<\/div>\n\t\t<div class=\"elementor-element elementor-element-108d66d e-con-full e-flex e-con e-child\" data-id=\"108d66d\" data-element_type=\"container\" data-e-type=\"container\" data-settings=\"{&quot;jet_parallax_layout_list&quot;:[]}\">\n\t\t\t\t<div class=\"elementor-element elementor-element-6e43367 elementor-widget elementor-widget-text-editor\" data-id=\"6e43367\" data-element_type=\"widget\" data-e-type=\"widget\" data-widget_type=\"text-editor.default\">\n\t\t\t\t<div class=\"elementor-widget-container\">\n\t\t\t\t\t\t\t\t\t<p><strong>Comprender el orgullo por la discapacidad<\/strong><\/p>\t\t\t\t\t\t\t\t<\/div>\n\t\t\t\t<\/div>\n\t\t\t\t<div class=\"elementor-element elementor-element-6965d0a elementor-widget elementor-widget-text-editor\" data-id=\"6965d0a\" data-element_type=\"widget\" data-e-type=\"widget\" data-widget_type=\"text-editor.default\">\n\t\t\t\t<div class=\"elementor-widget-container\">\n\t\t\t\t\t\t\t\t\t<p>El Mes del Orgullo de las Personas con Discapacidad ofrece una oportunidad para reconocer las experiencias distintivas y las valiosas contribuciones de las personas que viven con discapacidades. Se centra en aceptar la diversidad y hacer frente a los prejuicios y obst\u00e1culos sociales que con frecuencia marginan a esta comunidad. En lugar de enfatizar \u00fanicamente los obst\u00e1culos a los que se enfrentan, el Mes del Orgullo de las Personas con Discapacidad honra las fortalezas, los talentos y la resiliencia de las personas con discapacidades, subrayando su importante papel en la sociedad.<\/p>\t\t\t\t\t\t\t\t<\/div>\n\t\t\t\t<\/div>\n\t\t\t\t<\/div>\n\t\t\t\t<\/div>\n\t\t<div class=\"elementor-element elementor-element-8c45c86 e-con-full zoomin e-flex e-con e-child\" data-id=\"8c45c86\" data-element_type=\"container\" data-e-type=\"container\" data-settings=\"{&quot;jet_parallax_layout_list&quot;:[],&quot;background_background&quot;:&quot;classic&quot;}\">\n\t\t<div class=\"elementor-element elementor-element-110ed8f e-con-full e-flex e-con e-child\" data-id=\"110ed8f\" data-element_type=\"container\" data-e-type=\"container\" data-settings=\"{&quot;jet_parallax_layout_list&quot;:[]}\">\n\t\t\t\t<div class=\"elementor-element elementor-element-d9fd50b elementor-widget elementor-widget-text-editor\" data-id=\"d9fd50b\" data-element_type=\"widget\" data-e-type=\"widget\" data-widget_type=\"text-editor.default\">\n\t\t\t\t<div class=\"elementor-widget-container\">\n\t\t\t\t\t\t\t\t\t<p><strong>Homenaje a los logros y la fortaleza<\/strong><\/p>\t\t\t\t\t\t\t\t<\/div>\n\t\t\t\t<\/div>\n\t\t\t\t<div class=\"elementor-element elementor-element-7eb8e36 elementor-widget elementor-widget-text-editor\" data-id=\"7eb8e36\" data-element_type=\"widget\" data-e-type=\"widget\" data-widget_type=\"text-editor.default\">\n\t\t\t\t<div class=\"elementor-widget-container\">\n\t\t\t\t\t\t\t\t\t<p>Lo m\u00e1s importante es que el Mes del Orgullo de las Personas con Discapacidad es una ocasi\u00f3n para honrar los logros, las habilidades y la perseverancia de las personas con discapacidad. En Precision, a trav\u00e9s de nuestros Servicios de Asistencia Personal (PAS), hemos tenido la oportunidad de ver c\u00f3mo las personas con discapacidad realizan contribuciones notables en diversos campos. Desde logros innovadores en campos como el derecho, el gobierno, las ciencias, las artes y la defensa de los derechos, hasta la demostraci\u00f3n diaria de valent\u00eda y determinaci\u00f3n, la comunidad de personas con discapacidad tiene mucho que celebrar. Al destacar estos triunfos y relatos de \u00e9xito, podemos motivar a otros y cultivar un sentimiento de orgullo y empoderamiento dentro de la comunidad de personas con discapacidad.<\/p>\t\t\t\t\t\t\t\t<\/div>\n\t\t\t\t<\/div>\n\t\t\t\t<\/div>\n\t\t<div class=\"elementor-element elementor-element-fba9427 e-con-full e-flex e-con e-child\" data-id=\"fba9427\" data-element_type=\"container\" data-e-type=\"container\" data-settings=\"{&quot;jet_parallax_layout_list&quot;:[]}\">\n\t\t\t\t<div class=\"elementor-element elementor-element-9676adc elementor-widget elementor-widget-spacer\" data-id=\"9676adc\" data-element_type=\"widget\" data-e-type=\"widget\" data-widget_type=\"spacer.default\">\n\t\t\t\t<div class=\"elementor-widget-container\">\n\t\t\t\t\t\t\t<div class=\"elementor-spacer\">\n\t\t\t<div class=\"elementor-spacer-inner\"><\/div>\n\t\t<\/div>\n\t\t\t\t\t\t<\/div>\n\t\t\t\t<\/div>\n\t\t\t\t<\/div>\n\t\t\t\t<\/div>\n\t\t\t\t<\/div>\n\t\t\t\t<\/div>\n\t\t\t\t\t<\/div>\n\t\t\t\t<\/div>\n\t\t<div class=\"elementor-element elementor-element-9d6a8ff e-flex e-con-boxed e-con e-parent\" data-id=\"9d6a8ff\" data-element_type=\"container\" data-e-type=\"container\" data-settings=\"{&quot;jet_parallax_layout_list&quot;:[],&quot;background_background&quot;:&quot;classic&quot;}\">\n\t\t\t\t\t<div class=\"e-con-inner\">\n\t\t<div class=\"elementor-element elementor-element-3c20dcc e-con-full e-flex e-con e-child\" data-id=\"3c20dcc\" data-element_type=\"container\" data-e-type=\"container\" data-settings=\"{&quot;jet_parallax_layout_list&quot;:[]}\">\n\t\t<div class=\"elementor-element elementor-element-34749b2 e-con-full e-flex elementor-invisible e-con e-child\" data-id=\"34749b2\" data-element_type=\"container\" data-e-type=\"container\" data-settings=\"{&quot;jet_parallax_layout_list&quot;:[],&quot;animation&quot;:&quot;fadeIn&quot;}\">\n\t\t\t\t<div class=\"elementor-element elementor-element-1ccff5f elementor-widget elementor-widget-text-editor\" data-id=\"1ccff5f\" data-element_type=\"widget\" data-e-type=\"widget\" data-widget_type=\"text-editor.default\">\n\t\t\t\t<div class=\"elementor-widget-container\">\n\t\t\t\t\t\t\t\t\t<p><strong>Promover la concienciaci\u00f3n y defender el cambio<\/strong><\/p>\t\t\t\t\t\t\t\t<\/div>\n\t\t\t\t<\/div>\n\t\t\t\t<div class=\"elementor-element elementor-element-ce127b8 elementor-widget elementor-widget-text-editor\" data-id=\"ce127b8\" data-element_type=\"widget\" data-e-type=\"widget\" data-widget_type=\"text-editor.default\">\n\t\t\t\t<div class=\"elementor-widget-container\">\n\t\t\t\t\t\t\t\t\t<p>La educaci\u00f3n y la defensa son fundamentales para promover los objetivos del Mes del Orgullo de las Personas con Discapacidad. Es imprescindible informarnos a nosotros mismos y a nuestros empleados sobre los derechos, las necesidades y las perspectivas de las personas con discapacidad. Esto implica reconocer la importancia del lenguaje y la terminolog\u00eda, respetar las decisiones y las identidades individuales, y combatir la discriminaci\u00f3n en todas sus manifestaciones. Al posicionarnos como aliados y defensores de la comunidad de personas con discapacidad, podemos luchar por una sociedad m\u00e1s justa e inclusiva.<\/p><p>Compromet\u00e1monos a garantizar un trato justo y la igualdad de oportunidades para las personas con discapacidad, tanto en entornos f\u00edsicos como digitales. En Precision HealthCare Consultants, creemos firmemente en la importancia de educarnos a nosotros mismos y a nuestros empleados para reconocer y acoger a las personas con discapacidad.<\/p><p><strong>Nos esforzamos por fomentar una cultura inclusiva que allane el camino para las futuras generaciones de personas con discapacidad.<\/strong><\/p>\t\t\t\t\t\t\t\t<\/div>\n\t\t\t\t<\/div>\n\t\t\t\t<div class=\"elementor-element elementor-element-717b3f8 elementor-widget elementor-widget-image\" data-id=\"717b3f8\" data-element_type=\"widget\" data-e-type=\"widget\" data-widget_type=\"image.default\">\n\t\t\t\t<div class=\"elementor-widget-container\">\n\t\t\t\t\t\t\t\t\t\t\t\t\t\t\t<img fetchpriority=\"high\" decoding=\"async\" width=\"800\" height=\"319\" src=\"https:\/\/www.precisionhcc.com\/wp-content\/uploads\/2024\/07\/people-with-different-disabilities-waving-hand.png\" class=\"attachment-large size-large wp-image-3709\" alt=\"people-with-different-disabilities-waving-hands\" srcset=\"https:\/\/www.precisionhcc.com\/wp-content\/uploads\/2024\/07\/people-with-different-disabilities-waving-hand.png 2000w, https:\/\/www.precisionhcc.com\/wp-content\/uploads\/2024\/07\/people-with-different-disabilities-waving-hand-365x146.png 365w, https:\/\/www.precisionhcc.com\/wp-content\/uploads\/2024\/07\/people-with-different-disabilities-waving-hand-768x306.png 768w, https:\/\/www.precisionhcc.com\/wp-content\/uploads\/2024\/07\/people-with-different-disabilities-waving-hand-1536x613.png 1536w, https:\/\/www.precisionhcc.com\/wp-content\/uploads\/2024\/07\/people-with-different-disabilities-waving-hand-400x160.png 400w\" sizes=\"(max-width: 800px) 100vw, 800px\" \/>\t\t\t\t\t\t\t\t\t\t\t\t\t\t\t<\/div>\n\t\t\t\t<\/div>\n\t\t\t\t<\/div>\n\t\t\t\t<\/div>\n\t\t\t\t\t<\/div>\n\t\t\t\t<\/div>\n\t\t\t\t<\/div>","protected":false},"excerpt":{"rendered":"<p>In July, join Precision HealthCare Consultants in celebrating Disability Pride Month! This global observance traces its roots back to the United States, marking the enactment of the significant Americans with Disabilities Act of 1990 (ADA). This legislation prohibits employers from discriminating against qualified individuals based on their disabilities. Moreover, the ADA mandates non-discrimination in various [&hellip;]<\/p>\n","protected":false},"author":9,"featured_media":4573,"comment_status":"closed","ping_status":"closed","sticky":false,"template":"","format":"standard","meta":{"footnotes":""},"categories":[58],"tags":[],"class_list":["post-3699","post","type-post","status-publish","format-standard","has-post-thumbnail","hentry","category-healthcare"],"yoast_head":"<!-- This site is optimized with the Yoast SEO plugin v27.5 - https:\/\/yoast.com\/product\/yoast-seo-wordpress\/ -->\n<title>Embracing Empowerment and Inclusion: Celebrating Disability Pride Month | Precision HealthCare Consultants<\/title>\n<meta name=\"description\" content=\"In July, join Precision HealthCare Consultants in celebrating Disability Pride Month! This global observance traces its roots back to the United States,\" \/>\n<meta name=\"robots\" content=\"index, follow, max-snippet:-1, max-image-preview:large, max-video-preview:-1\" \/>\n<link rel=\"canonical\" href=\"https:\/\/www.precisionhcc.com\/es\/embracing-empowerment-and-inclusion-celebrating-disability-pride-month\/\" \/>\n<meta property=\"og:locale\" content=\"es_MX\" \/>\n<meta property=\"og:type\" content=\"article\" \/>\n<meta property=\"og:title\" content=\"Embracing Empowerment and Inclusion: Celebrating Disability Pride Month | Precision HealthCare Consultants\" \/>\n<meta property=\"og:description\" content=\"In July, join Precision HealthCare Consultants in celebrating Disability Pride Month! This global observance traces its roots back to the United States,\" \/>\n<meta property=\"og:url\" content=\"https:\/\/www.precisionhcc.com\/es\/embracing-empowerment-and-inclusion-celebrating-disability-pride-month\/\" \/>\n<meta property=\"og:site_name\" content=\"Precision HealthCare Consultants\" \/>\n<meta property=\"article:publisher\" content=\"https:\/\/www.facebook.com\/Precision-Healthcare-Consultants-166924926665497\/\" \/>\n<meta property=\"article:published_time\" content=\"2024-07-21T22:48:28+00:00\" \/>\n<meta property=\"article:modified_time\" content=\"2025-04-02T14:34:48+00:00\" \/>\n<meta property=\"og:image\" content=\"https:\/\/www.precisionhcc.com\/wp-content\/uploads\/2025\/02\/phcc-blog-02.jpg\" \/>\n\t<meta property=\"og:image:width\" content=\"1280\" \/>\n\t<meta property=\"og:image:height\" content=\"854\" \/>\n\t<meta property=\"og:image:type\" content=\"image\/jpeg\" \/>\n<meta name=\"author\" content=\"Taylor Lankin\" \/>\n<meta name=\"twitter:card\" content=\"summary_large_image\" \/>\n<meta name=\"twitter:creator\" content=\"@precisionhcc\" \/>\n<meta name=\"twitter:site\" content=\"@precisionhcc\" \/>\n<meta name=\"twitter:label1\" content=\"Written by\" \/>\n\t<meta name=\"twitter:data1\" content=\"Taylor Lankin\" \/>\n\t<meta name=\"twitter:label2\" content=\"Est. reading time\" \/>\n\t<meta name=\"twitter:data2\" content=\"2 minutos\" \/>\n<script type=\"application\/ld+json\" class=\"yoast-schema-graph\">{\"@context\":\"https:\\\/\\\/schema.org\",\"@graph\":[{\"@type\":\"Article\",\"@id\":\"https:\\\/\\\/www.precisionhcc.com\\\/embracing-empowerment-and-inclusion-celebrating-disability-pride-month\\\/#article\",\"isPartOf\":{\"@id\":\"https:\\\/\\\/www.precisionhcc.com\\\/embracing-empowerment-and-inclusion-celebrating-disability-pride-month\\\/\"},\"author\":{\"name\":\"Taylor Lankin\",\"@id\":\"https:\\\/\\\/www.precisionhcc.com\\\/#\\\/schema\\\/person\\\/580b67e26932c0748cf88ce6f6b08c91\"},\"headline\":\"Embracing Empowerment and Inclusion: Celebrating Disability Pride Month\",\"datePublished\":\"2024-07-21T22:48:28+00:00\",\"dateModified\":\"2025-04-02T14:34:48+00:00\",\"mainEntityOfPage\":{\"@id\":\"https:\\\/\\\/www.precisionhcc.com\\\/embracing-empowerment-and-inclusion-celebrating-disability-pride-month\\\/\"},\"wordCount\":376,\"publisher\":{\"@id\":\"https:\\\/\\\/www.precisionhcc.com\\\/#organization\"},\"image\":{\"@id\":\"https:\\\/\\\/www.precisionhcc.com\\\/embracing-empowerment-and-inclusion-celebrating-disability-pride-month\\\/#primaryimage\"},\"thumbnailUrl\":\"https:\\\/\\\/www.precisionhcc.com\\\/wp-content\\\/uploads\\\/2025\\\/02\\\/phcc-blog-02.jpg\",\"articleSection\":[\"Healthcare\"],\"inLanguage\":\"es\"},{\"@type\":\"WebPage\",\"@id\":\"https:\\\/\\\/www.precisionhcc.com\\\/embracing-empowerment-and-inclusion-celebrating-disability-pride-month\\\/\",\"url\":\"https:\\\/\\\/www.precisionhcc.com\\\/embracing-empowerment-and-inclusion-celebrating-disability-pride-month\\\/\",\"name\":\"Embracing Empowerment and Inclusion: Celebrating Disability Pride Month | Precision HealthCare Consultants\",\"isPartOf\":{\"@id\":\"https:\\\/\\\/www.precisionhcc.com\\\/#website\"},\"primaryImageOfPage\":{\"@id\":\"https:\\\/\\\/www.precisionhcc.com\\\/embracing-empowerment-and-inclusion-celebrating-disability-pride-month\\\/#primaryimage\"},\"image\":{\"@id\":\"https:\\\/\\\/www.precisionhcc.com\\\/embracing-empowerment-and-inclusion-celebrating-disability-pride-month\\\/#primaryimage\"},\"thumbnailUrl\":\"https:\\\/\\\/www.precisionhcc.com\\\/wp-content\\\/uploads\\\/2025\\\/02\\\/phcc-blog-02.jpg\",\"datePublished\":\"2024-07-21T22:48:28+00:00\",\"dateModified\":\"2025-04-02T14:34:48+00:00\",\"description\":\"In July, join Precision HealthCare Consultants in celebrating Disability Pride Month! This global observance traces its roots back to the United States,\",\"breadcrumb\":{\"@id\":\"https:\\\/\\\/www.precisionhcc.com\\\/embracing-empowerment-and-inclusion-celebrating-disability-pride-month\\\/#breadcrumb\"},\"inLanguage\":\"es\",\"potentialAction\":[{\"@type\":\"ReadAction\",\"target\":[\"https:\\\/\\\/www.precisionhcc.com\\\/embracing-empowerment-and-inclusion-celebrating-disability-pride-month\\\/\"]}]},{\"@type\":\"ImageObject\",\"inLanguage\":\"es\",\"@id\":\"https:\\\/\\\/www.precisionhcc.com\\\/embracing-empowerment-and-inclusion-celebrating-disability-pride-month\\\/#primaryimage\",\"url\":\"https:\\\/\\\/www.precisionhcc.com\\\/wp-content\\\/uploads\\\/2025\\\/02\\\/phcc-blog-02.jpg\",\"contentUrl\":\"https:\\\/\\\/www.precisionhcc.com\\\/wp-content\\\/uploads\\\/2025\\\/02\\\/phcc-blog-02.jpg\",\"width\":1280,\"height\":854},{\"@type\":\"BreadcrumbList\",\"@id\":\"https:\\\/\\\/www.precisionhcc.com\\\/embracing-empowerment-and-inclusion-celebrating-disability-pride-month\\\/#breadcrumb\",\"itemListElement\":[{\"@type\":\"ListItem\",\"position\":1,\"name\":\"Home\",\"item\":\"https:\\\/\\\/www.precisionhcc.com\\\/\"},{\"@type\":\"ListItem\",\"position\":2,\"name\":\"Embracing Empowerment and Inclusion: Celebrating Disability Pride Month\"}]},{\"@type\":\"WebSite\",\"@id\":\"https:\\\/\\\/www.precisionhcc.com\\\/#website\",\"url\":\"https:\\\/\\\/www.precisionhcc.com\\\/\",\"name\":\"Precision Healthcare Consultants\",\"description\":\"\",\"publisher\":{\"@id\":\"https:\\\/\\\/www.precisionhcc.com\\\/#organization\"},\"alternateName\":\"PHCC\",\"potentialAction\":[{\"@type\":\"SearchAction\",\"target\":{\"@type\":\"EntryPoint\",\"urlTemplate\":\"https:\\\/\\\/www.precisionhcc.com\\\/?s={search_term_string}\"},\"query-input\":{\"@type\":\"PropertyValueSpecification\",\"valueRequired\":true,\"valueName\":\"search_term_string\"}}],\"inLanguage\":\"es\"},{\"@type\":\"Organization\",\"@id\":\"https:\\\/\\\/www.precisionhcc.com\\\/#organization\",\"name\":\"Precision HealthCare Consultants\",\"url\":\"https:\\\/\\\/www.precisionhcc.com\\\/\",\"logo\":{\"@type\":\"ImageObject\",\"inLanguage\":\"es\",\"@id\":\"https:\\\/\\\/www.precisionhcc.com\\\/#\\\/schema\\\/logo\\\/image\\\/\",\"url\":\"https:\\\/\\\/www.precisionhcc.com\\\/wp-content\\\/uploads\\\/2020\\\/07\\\/Precision-logo.png\",\"contentUrl\":\"https:\\\/\\\/www.precisionhcc.com\\\/wp-content\\\/uploads\\\/2020\\\/07\\\/Precision-logo.png\",\"width\":656,\"height\":274,\"caption\":\"Precision HealthCare Consultants\"},\"image\":{\"@id\":\"https:\\\/\\\/www.precisionhcc.com\\\/#\\\/schema\\\/logo\\\/image\\\/\"},\"sameAs\":[\"https:\\\/\\\/www.facebook.com\\\/Precision-Healthcare-Consultants-166924926665497\\\/\",\"https:\\\/\\\/x.com\\\/precisionhcc\",\"https:\\\/\\\/www.linkedin.com\\\/in\\\/vanessa-best-ccs-p-cpc-ahima-icd-10-trainer-3bb948\",\"https:\\\/\\\/www.youtube.com\\\/channel\\\/UCZ6WKds91FdRPWEeGfwxv0A\"]},{\"@type\":\"Person\",\"@id\":\"https:\\\/\\\/www.precisionhcc.com\\\/#\\\/schema\\\/person\\\/580b67e26932c0748cf88ce6f6b08c91\",\"name\":\"Taylor Lankin\",\"image\":{\"@type\":\"ImageObject\",\"inLanguage\":\"es\",\"@id\":\"https:\\\/\\\/secure.gravatar.com\\\/avatar\\\/715df2f94f53084ca3b7796e67c41ed4f85dc9266c8d3fe466eb41b71749f5df?s=96&d=mm&r=g\",\"url\":\"https:\\\/\\\/secure.gravatar.com\\\/avatar\\\/715df2f94f53084ca3b7796e67c41ed4f85dc9266c8d3fe466eb41b71749f5df?s=96&d=mm&r=g\",\"contentUrl\":\"https:\\\/\\\/secure.gravatar.com\\\/avatar\\\/715df2f94f53084ca3b7796e67c41ed4f85dc9266c8d3fe466eb41b71749f5df?s=96&d=mm&r=g\",\"caption\":\"Taylor Lankin\"},\"sameAs\":[\"http:\\\/\\\/www.precisionhcc.com\"],\"url\":\"https:\\\/\\\/www.precisionhcc.com\\\/es\\\/author\\\/taylor\\\/\"}]}<\/script>\n<!-- \/ Yoast SEO plugin. -->","yoast_head_json":{"title":"Embracing Empowerment and Inclusion: Celebrating Disability Pride Month | Precision HealthCare Consultants","description":"In July, join Precision HealthCare Consultants in celebrating Disability Pride Month! This global observance traces its roots back to the United States,","robots":{"index":"index","follow":"follow","max-snippet":"max-snippet:-1","max-image-preview":"max-image-preview:large","max-video-preview":"max-video-preview:-1"},"canonical":"https:\/\/www.precisionhcc.com\/es\/embracing-empowerment-and-inclusion-celebrating-disability-pride-month\/","og_locale":"es_MX","og_type":"article","og_title":"Embracing Empowerment and Inclusion: Celebrating Disability Pride Month | Precision HealthCare Consultants","og_description":"In July, join Precision HealthCare Consultants in celebrating Disability Pride Month! This global observance traces its roots back to the United States,","og_url":"https:\/\/www.precisionhcc.com\/es\/embracing-empowerment-and-inclusion-celebrating-disability-pride-month\/","og_site_name":"Precision HealthCare Consultants","article_publisher":"https:\/\/www.facebook.com\/Precision-Healthcare-Consultants-166924926665497\/","article_published_time":"2024-07-21T22:48:28+00:00","article_modified_time":"2025-04-02T14:34:48+00:00","og_image":[{"width":1280,"height":854,"url":"https:\/\/www.precisionhcc.com\/wp-content\/uploads\/2025\/02\/phcc-blog-02.jpg","type":"image\/jpeg"}],"author":"Taylor Lankin","twitter_card":"summary_large_image","twitter_creator":"@precisionhcc","twitter_site":"@precisionhcc","twitter_misc":{"Written by":"Taylor Lankin","Est. reading time":"2 minutos"},"schema":{"@context":"https:\/\/schema.org","@graph":[{"@type":"Article","@id":"https:\/\/www.precisionhcc.com\/embracing-empowerment-and-inclusion-celebrating-disability-pride-month\/#article","isPartOf":{"@id":"https:\/\/www.precisionhcc.com\/embracing-empowerment-and-inclusion-celebrating-disability-pride-month\/"},"author":{"name":"Taylor Lankin","@id":"https:\/\/www.precisionhcc.com\/#\/schema\/person\/580b67e26932c0748cf88ce6f6b08c91"},"headline":"Embracing Empowerment and Inclusion: Celebrating Disability Pride Month","datePublished":"2024-07-21T22:48:28+00:00","dateModified":"2025-04-02T14:34:48+00:00","mainEntityOfPage":{"@id":"https:\/\/www.precisionhcc.com\/embracing-empowerment-and-inclusion-celebrating-disability-pride-month\/"},"wordCount":376,"publisher":{"@id":"https:\/\/www.precisionhcc.com\/#organization"},"image":{"@id":"https:\/\/www.precisionhcc.com\/embracing-empowerment-and-inclusion-celebrating-disability-pride-month\/#primaryimage"},"thumbnailUrl":"https:\/\/www.precisionhcc.com\/wp-content\/uploads\/2025\/02\/phcc-blog-02.jpg","articleSection":["Healthcare"],"inLanguage":"es"},{"@type":"WebPage","@id":"https:\/\/www.precisionhcc.com\/embracing-empowerment-and-inclusion-celebrating-disability-pride-month\/","url":"https:\/\/www.precisionhcc.com\/embracing-empowerment-and-inclusion-celebrating-disability-pride-month\/","name":"Embracing Empowerment and Inclusion: Celebrating Disability Pride Month | Precision HealthCare Consultants","isPartOf":{"@id":"https:\/\/www.precisionhcc.com\/#website"},"primaryImageOfPage":{"@id":"https:\/\/www.precisionhcc.com\/embracing-empowerment-and-inclusion-celebrating-disability-pride-month\/#primaryimage"},"image":{"@id":"https:\/\/www.precisionhcc.com\/embracing-empowerment-and-inclusion-celebrating-disability-pride-month\/#primaryimage"},"thumbnailUrl":"https:\/\/www.precisionhcc.com\/wp-content\/uploads\/2025\/02\/phcc-blog-02.jpg","datePublished":"2024-07-21T22:48:28+00:00","dateModified":"2025-04-02T14:34:48+00:00","description":"In July, join Precision HealthCare Consultants in celebrating Disability Pride Month! This global observance traces its roots back to the United States,","breadcrumb":{"@id":"https:\/\/www.precisionhcc.com\/embracing-empowerment-and-inclusion-celebrating-disability-pride-month\/#breadcrumb"},"inLanguage":"es","potentialAction":[{"@type":"ReadAction","target":["https:\/\/www.precisionhcc.com\/embracing-empowerment-and-inclusion-celebrating-disability-pride-month\/"]}]},{"@type":"ImageObject","inLanguage":"es","@id":"https:\/\/www.precisionhcc.com\/embracing-empowerment-and-inclusion-celebrating-disability-pride-month\/#primaryimage","url":"https:\/\/www.precisionhcc.com\/wp-content\/uploads\/2025\/02\/phcc-blog-02.jpg","contentUrl":"https:\/\/www.precisionhcc.com\/wp-content\/uploads\/2025\/02\/phcc-blog-02.jpg","width":1280,"height":854},{"@type":"BreadcrumbList","@id":"https:\/\/www.precisionhcc.com\/embracing-empowerment-and-inclusion-celebrating-disability-pride-month\/#breadcrumb","itemListElement":[{"@type":"ListItem","position":1,"name":"Home","item":"https:\/\/www.precisionhcc.com\/"},{"@type":"ListItem","position":2,"name":"Embracing Empowerment and Inclusion: Celebrating Disability Pride Month"}]},{"@type":"WebSite","@id":"https:\/\/www.precisionhcc.com\/#website","url":"https:\/\/www.precisionhcc.com\/","name":"Precision Healthcare Consultants","description":"","publisher":{"@id":"https:\/\/www.precisionhcc.com\/#organization"},"alternateName":"PHCC","potentialAction":[{"@type":"SearchAction","target":{"@type":"EntryPoint","urlTemplate":"https:\/\/www.precisionhcc.com\/?s={search_term_string}"},"query-input":{"@type":"PropertyValueSpecification","valueRequired":true,"valueName":"search_term_string"}}],"inLanguage":"es"},{"@type":"Organization","@id":"https:\/\/www.precisionhcc.com\/#organization","name":"Precision HealthCare Consultants","url":"https:\/\/www.precisionhcc.com\/","logo":{"@type":"ImageObject","inLanguage":"es","@id":"https:\/\/www.precisionhcc.com\/#\/schema\/logo\/image\/","url":"https:\/\/www.precisionhcc.com\/wp-content\/uploads\/2020\/07\/Precision-logo.png","contentUrl":"https:\/\/www.precisionhcc.com\/wp-content\/uploads\/2020\/07\/Precision-logo.png","width":656,"height":274,"caption":"Precision HealthCare Consultants"},"image":{"@id":"https:\/\/www.precisionhcc.com\/#\/schema\/logo\/image\/"},"sameAs":["https:\/\/www.facebook.com\/Precision-Healthcare-Consultants-166924926665497\/","https:\/\/x.com\/precisionhcc","https:\/\/www.linkedin.com\/in\/vanessa-best-ccs-p-cpc-ahima-icd-10-trainer-3bb948","https:\/\/www.youtube.com\/channel\/UCZ6WKds91FdRPWEeGfwxv0A"]},{"@type":"Person","@id":"https:\/\/www.precisionhcc.com\/#\/schema\/person\/580b67e26932c0748cf88ce6f6b08c91","name":"Taylor Lankin","image":{"@type":"ImageObject","inLanguage":"es","@id":"https:\/\/secure.gravatar.com\/avatar\/715df2f94f53084ca3b7796e67c41ed4f85dc9266c8d3fe466eb41b71749f5df?s=96&d=mm&r=g","url":"https:\/\/secure.gravatar.com\/avatar\/715df2f94f53084ca3b7796e67c41ed4f85dc9266c8d3fe466eb41b71749f5df?s=96&d=mm&r=g","contentUrl":"https:\/\/secure.gravatar.com\/avatar\/715df2f94f53084ca3b7796e67c41ed4f85dc9266c8d3fe466eb41b71749f5df?s=96&d=mm&r=g","caption":"Taylor Lankin"},"sameAs":["http:\/\/www.precisionhcc.com"],"url":"https:\/\/www.precisionhcc.com\/es\/author\/taylor\/"}]}},"_links":{"self":[{"href":"https:\/\/www.precisionhcc.com\/es\/wp-json\/wp\/v2\/posts\/3699","targetHints":{"allow":["GET"]}}],"collection":[{"href":"https:\/\/www.precisionhcc.com\/es\/wp-json\/wp\/v2\/posts"}],"about":[{"href":"https:\/\/www.precisionhcc.com\/es\/wp-json\/wp\/v2\/types\/post"}],"author":[{"embeddable":true,"href":"https:\/\/www.precisionhcc.com\/es\/wp-json\/wp\/v2\/users\/9"}],"replies":[{"embeddable":true,"href":"https:\/\/www.precisionhcc.com\/es\/wp-json\/wp\/v2\/comments?post=3699"}],"version-history":[{"count":0,"href":"https:\/\/www.precisionhcc.com\/es\/wp-json\/wp\/v2\/posts\/3699\/revisions"}],"wp:featuredmedia":[{"embeddable":true,"href":"https:\/\/www.precisionhcc.com\/es\/wp-json\/wp\/v2\/media\/4573"}],"wp:attachment":[{"href":"https:\/\/www.precisionhcc.com\/es\/wp-json\/wp\/v2\/media?parent=3699"}],"wp:term":[{"taxonomy":"category","embeddable":true,"href":"https:\/\/www.precisionhcc.com\/es\/wp-json\/wp\/v2\/categories?post=3699"},{"taxonomy":"post_tag","embeddable":true,"href":"https:\/\/www.precisionhcc.com\/es\/wp-json\/wp\/v2\/tags?post=3699"}],"curies":[{"name":"wp","href":"https:\/\/api.w.org\/{rel}","templated":true}]}}