{"id":3699,"date":"2024-07-21T18:48:28","date_gmt":"2024-07-21T22:48:28","guid":{"rendered":"https:\/\/www.precisionhcc.com\/?p=3699"},"modified":"2025-04-02T10:34:48","modified_gmt":"2025-04-02T14:34:48","slug":"embracing-empowerment-and-inclusion-celebrating-disability-pride-month","status":"publish","type":"post","link":"https:\/\/www.precisionhcc.com\/hr\/embracing-empowerment-and-inclusion-celebrating-disability-pride-month\/","title":{"rendered":"Prihva\u0107anje osna\u017eivanja i uklju\u010divosti: Obilje\u017eavanje Mjeseca ponosa osoba s invaliditetom"},"content":{"rendered":"<div data-elementor-type=\"wp-post\" data-elementor-id=\"3699\" class=\"elementor elementor-3699\" data-elementor-post-type=\"post\">\n\t\t\t\t<div class=\"elementor-element elementor-element-dfe567a e-flex e-con-boxed e-con e-parent\" data-id=\"dfe567a\" data-element_type=\"container\" data-e-type=\"container\" data-settings=\"{&quot;jet_parallax_layout_list&quot;:[],&quot;background_background&quot;:&quot;classic&quot;}\">\n\t\t\t\t\t<div class=\"e-con-inner\">\n\t\t<div class=\"elementor-element elementor-element-84cc11e e-con-full e-flex e-con e-child\" data-id=\"84cc11e\" data-element_type=\"container\" data-e-type=\"container\" data-settings=\"{&quot;jet_parallax_layout_list&quot;:[]}\">\n\t\t\t\t<div class=\"elementor-element elementor-element-6f3dfdc elementor-widget elementor-widget-spacer\" data-id=\"6f3dfdc\" data-element_type=\"widget\" data-e-type=\"widget\" data-widget_type=\"spacer.default\">\n\t\t\t\t<div class=\"elementor-widget-container\">\n\t\t\t\t\t\t\t<div class=\"elementor-spacer\">\n\t\t\t<div class=\"elementor-spacer-inner\"><\/div>\n\t\t<\/div>\n\t\t\t\t\t\t<\/div>\n\t\t\t\t<\/div>\n\t\t\t\t<div class=\"elementor-element elementor-element-97f615a elementor-invisible elementor-widget elementor-widget-heading\" data-id=\"97f615a\" data-element_type=\"widget\" data-e-type=\"widget\" data-settings=\"{&quot;_animation&quot;:&quot;fadeInDown&quot;}\" data-widget_type=\"heading.default\">\n\t\t\t\t<div class=\"elementor-widget-container\">\n\t\t\t\t\t<h1 class=\"elementor-heading-title elementor-size-default\">Prihva\u0107anje osna\u017eivanja i uklju\u010divosti: Obilje\u017eavanje Mjeseca ponosa osoba s invaliditetom<\/h1>\t\t\t\t<\/div>\n\t\t\t\t<\/div>\n\t\t\t\t<div class=\"elementor-element elementor-element-86d01f2 elementor-widget-divider--view-line elementor-invisible elementor-widget elementor-widget-divider\" data-id=\"86d01f2\" data-element_type=\"widget\" data-e-type=\"widget\" data-settings=\"{&quot;_animation&quot;:&quot;fadeInUp&quot;,&quot;_animation_delay&quot;:100}\" data-widget_type=\"divider.default\">\n\t\t\t\t<div class=\"elementor-widget-container\">\n\t\t\t\t\t\t\t<div class=\"elementor-divider\">\n\t\t\t<span class=\"elementor-divider-separator\">\n\t\t\t\t\t\t<\/span>\n\t\t<\/div>\n\t\t\t\t\t\t<\/div>\n\t\t\t\t<\/div>\n\t\t\t\t<div class=\"elementor-element elementor-element-d650f2c elementor-widget elementor-widget-spacer\" data-id=\"d650f2c\" data-element_type=\"widget\" data-e-type=\"widget\" data-widget_type=\"spacer.default\">\n\t\t\t\t<div class=\"elementor-widget-container\">\n\t\t\t\t\t\t\t<div class=\"elementor-spacer\">\n\t\t\t<div class=\"elementor-spacer-inner\"><\/div>\n\t\t<\/div>\n\t\t\t\t\t\t<\/div>\n\t\t\t\t<\/div>\n\t\t\t\t<\/div>\n\t\t\t\t\t<\/div>\n\t\t\t\t<\/div>\n\t\t<div class=\"elementor-element elementor-element-c198674 e-flex e-con-boxed e-con e-parent\" data-id=\"c198674\" data-element_type=\"container\" data-e-type=\"container\" data-settings=\"{&quot;jet_parallax_layout_list&quot;:[]}\">\n\t\t\t\t\t<div class=\"e-con-inner\">\n\t\t<div class=\"elementor-element elementor-element-45847ad e-con-full e-flex elementor-invisible e-con e-child\" data-id=\"45847ad\" data-element_type=\"container\" data-e-type=\"container\" data-settings=\"{&quot;jet_parallax_layout_list&quot;:[],&quot;background_background&quot;:&quot;classic&quot;,&quot;animation&quot;:&quot;fadeInUp&quot;}\">\n\t\t<div class=\"elementor-element elementor-element-c38c833 e-con-full e-flex e-con e-child\" data-id=\"c38c833\" data-element_type=\"container\" data-e-type=\"container\" data-settings=\"{&quot;jet_parallax_layout_list&quot;:[]}\">\n\t\t<div class=\"elementor-element elementor-element-7a36614 e-con-full zoomin e-flex e-con e-child\" data-id=\"7a36614\" data-element_type=\"container\" data-e-type=\"container\" data-settings=\"{&quot;jet_parallax_layout_list&quot;:[]}\">\n\t\t\t\t<div class=\"elementor-element elementor-element-025e497 elementor-widget elementor-widget-spacer\" data-id=\"025e497\" data-element_type=\"widget\" data-e-type=\"widget\" data-widget_type=\"spacer.default\">\n\t\t\t\t<div class=\"elementor-widget-container\">\n\t\t\t\t\t\t\t<div class=\"elementor-spacer\">\n\t\t\t<div class=\"elementor-spacer-inner\"><\/div>\n\t\t<\/div>\n\t\t\t\t\t\t<\/div>\n\t\t\t\t<\/div>\n\t\t\t\t<\/div>\n\t\t\t\t<\/div>\n\t\t\t\t<\/div>\n\t\t\t\t\t<\/div>\n\t\t\t\t<\/div>\n\t\t<div class=\"elementor-element elementor-element-a926cc5 e-flex e-con-boxed e-con e-parent\" data-id=\"a926cc5\" data-element_type=\"container\" data-e-type=\"container\" data-settings=\"{&quot;jet_parallax_layout_list&quot;:[]}\">\n\t\t\t\t\t<div class=\"e-con-inner\">\n\t\t<div class=\"elementor-element elementor-element-38d67a8 e-con-full e-flex elementor-invisible e-con e-child\" data-id=\"38d67a8\" data-element_type=\"container\" data-e-type=\"container\" data-settings=\"{&quot;jet_parallax_layout_list&quot;:[],&quot;background_background&quot;:&quot;classic&quot;,&quot;animation&quot;:&quot;fadeInUp&quot;}\">\n\t\t<div class=\"elementor-element elementor-element-4e4303b e-con-full e-flex e-con e-child\" data-id=\"4e4303b\" data-element_type=\"container\" data-e-type=\"container\" data-settings=\"{&quot;jet_parallax_layout_list&quot;:[]}\">\n\t\t\t\t<div class=\"elementor-element elementor-element-b5d2ff8 elementor-widget elementor-widget-text-editor\" data-id=\"b5d2ff8\" data-element_type=\"widget\" data-e-type=\"widget\" data-widget_type=\"text-editor.default\">\n\t\t\t\t<div class=\"elementor-widget-container\">\n\t\t\t\t\t\t\t\t\t<p>U srpnju se pridru\u017eite Precision HealthCare Consultants u obilje\u017eavanju Mjeseca ponosa osoba s invaliditetom! Ovaj globalni spomen-dan vu\u010de korijene iz Sjedinjenih Ameri\u010dkih Dr\u017eava, a obilje\u017eava dono\u0161enje zna\u010dajnog Zakona o Amerikancima s invaliditetom iz 1990. godine (ADA). Ovaj zakon zabranjuje poslodavcima diskriminaciju kvalificiranih osoba na temelju njihovog invaliditeta. \u0160tovi\u0161e, ADA nala\u017ee nediskriminaciju u raznim podru\u010djima, uklju\u010duju\u0107i usluge dr\u017eavnih i lokalnih vlasti, javne objekte, prijevoz i telekomunikacije.<\/p>\t\t\t\t\t\t\t\t<\/div>\n\t\t\t\t<\/div>\n\t\t\t\t<\/div>\n\t\t<div class=\"elementor-element elementor-element-597a694 e-con-full e-flex e-con e-child\" data-id=\"597a694\" data-element_type=\"container\" data-e-type=\"container\" data-settings=\"{&quot;jet_parallax_layout_list&quot;:[]}\">\n\t\t<div class=\"elementor-element elementor-element-a9a8188 e-con-full zoomin e-flex e-con e-child\" data-id=\"a9a8188\" data-element_type=\"container\" data-e-type=\"container\" data-settings=\"{&quot;jet_parallax_layout_list&quot;:[],&quot;background_background&quot;:&quot;video&quot;,&quot;background_video_link&quot;:&quot;https:\\\/\\\/www.precisionhcc.com\\\/wp-content\\\/uploads\\\/2024\\\/07\\\/6423531_Animation_Spinning_1920x1080.mp4&quot;}\">\n\t\t<div class=\"elementor-background-video-container elementor-hidden-mobile\">\n\t\t\t\t\t\t\t<video class=\"elementor-background-video-hosted\" role=\"presentation\" autoplay muted playsinline loop><\/video>\n\t\t\t\t\t<\/div>\t\t<div class=\"elementor-element elementor-element-604c392 elementor-widget elementor-widget-spacer\" data-id=\"604c392\" data-element_type=\"widget\" data-e-type=\"widget\" data-widget_type=\"spacer.default\">\n\t\t\t\t<div class=\"elementor-widget-container\">\n\t\t\t\t\t\t\t<div class=\"elementor-spacer\">\n\t\t\t<div class=\"elementor-spacer-inner\"><\/div>\n\t\t<\/div>\n\t\t\t\t\t\t<\/div>\n\t\t\t\t<\/div>\n\t\t\t\t<\/div>\n\t\t\t\t<\/div>\n\t\t\t\t<\/div>\n\t\t\t\t\t<\/div>\n\t\t\t\t<\/div>\n\t\t<div class=\"elementor-element elementor-element-90e34eb e-flex e-con-boxed e-con e-parent\" data-id=\"90e34eb\" data-element_type=\"container\" data-e-type=\"container\" data-settings=\"{&quot;jet_parallax_layout_list&quot;:[]}\">\n\t\t\t\t\t<div class=\"e-con-inner\">\n\t\t<div class=\"elementor-element elementor-element-e9eb916 e-con-full e-flex elementor-invisible e-con e-child\" data-id=\"e9eb916\" data-element_type=\"container\" data-e-type=\"container\" data-settings=\"{&quot;jet_parallax_layout_list&quot;:[],&quot;background_background&quot;:&quot;classic&quot;,&quot;animation&quot;:&quot;fadeInUp&quot;}\">\n\t\t<div class=\"elementor-element elementor-element-584b1a4 e-con-full e-flex e-con e-child\" data-id=\"584b1a4\" data-element_type=\"container\" data-e-type=\"container\" data-settings=\"{&quot;jet_parallax_layout_list&quot;:[]}\">\n\t\t<div class=\"elementor-element elementor-element-dfb0a0d e-con-full zoomin e-flex e-con e-child\" data-id=\"dfb0a0d\" data-element_type=\"container\" data-e-type=\"container\" data-settings=\"{&quot;jet_parallax_layout_list&quot;:[],&quot;background_background&quot;:&quot;classic&quot;}\">\n\t\t<div class=\"elementor-element elementor-element-bf7ab27 e-con-full e-flex e-con e-child\" data-id=\"bf7ab27\" data-element_type=\"container\" data-e-type=\"container\" data-settings=\"{&quot;jet_parallax_layout_list&quot;:[]}\">\n\t\t\t\t<div class=\"elementor-element elementor-element-c75a354 elementor-widget elementor-widget-spacer\" data-id=\"c75a354\" data-element_type=\"widget\" data-e-type=\"widget\" data-widget_type=\"spacer.default\">\n\t\t\t\t<div class=\"elementor-widget-container\">\n\t\t\t\t\t\t\t<div class=\"elementor-spacer\">\n\t\t\t<div class=\"elementor-spacer-inner\"><\/div>\n\t\t<\/div>\n\t\t\t\t\t\t<\/div>\n\t\t\t\t<\/div>\n\t\t\t\t<\/div>\n\t\t<div class=\"elementor-element elementor-element-108d66d e-con-full e-flex e-con e-child\" data-id=\"108d66d\" data-element_type=\"container\" data-e-type=\"container\" data-settings=\"{&quot;jet_parallax_layout_list&quot;:[]}\">\n\t\t\t\t<div class=\"elementor-element elementor-element-6e43367 elementor-widget elementor-widget-text-editor\" data-id=\"6e43367\" data-element_type=\"widget\" data-e-type=\"widget\" data-widget_type=\"text-editor.default\">\n\t\t\t\t<div class=\"elementor-widget-container\">\n\t\t\t\t\t\t\t\t\t<p><strong>Razumijevanje ponosa osoba s invaliditetom<\/strong><\/p>\t\t\t\t\t\t\t\t<\/div>\n\t\t\t\t<\/div>\n\t\t\t\t<div class=\"elementor-element elementor-element-6965d0a elementor-widget elementor-widget-text-editor\" data-id=\"6965d0a\" data-element_type=\"widget\" data-e-type=\"widget\" data-widget_type=\"text-editor.default\">\n\t\t\t\t<div class=\"elementor-widget-container\">\n\t\t\t\t\t\t\t\t\t<p>Mjesec ponosa osoba s invaliditetom pru\u017ea priliku za priznavanje posebnih iskustava i vrijednih doprinosa osoba koje \u017eive s invaliditetom. Okre\u0107e se oko prihva\u0107anja razli\u010ditosti i suo\u010davanja sa dru\u0161tvenim predrasudama i preprekama koje \u010desto marginaliziraju ovu zajednicu. Umjesto da isklju\u010divo nagla\u0161ava prepreke s kojima se suo\u010davaju, Mjesec ponosa osoba s invaliditetom odaje po\u010dast snazi, talentima i otpornosti osoba s invaliditetom, isti\u010du\u0107i njihovu zna\u010dajnu ulogu u dru\u0161tvu.<\/p>\t\t\t\t\t\t\t\t<\/div>\n\t\t\t\t<\/div>\n\t\t\t\t<\/div>\n\t\t\t\t<\/div>\n\t\t<div class=\"elementor-element elementor-element-8c45c86 e-con-full zoomin e-flex e-con e-child\" data-id=\"8c45c86\" data-element_type=\"container\" data-e-type=\"container\" data-settings=\"{&quot;jet_parallax_layout_list&quot;:[],&quot;background_background&quot;:&quot;classic&quot;}\">\n\t\t<div class=\"elementor-element elementor-element-110ed8f e-con-full e-flex e-con e-child\" data-id=\"110ed8f\" data-element_type=\"container\" data-e-type=\"container\" data-settings=\"{&quot;jet_parallax_layout_list&quot;:[]}\">\n\t\t\t\t<div class=\"elementor-element elementor-element-d9fd50b elementor-widget elementor-widget-text-editor\" data-id=\"d9fd50b\" data-element_type=\"widget\" data-e-type=\"widget\" data-widget_type=\"text-editor.default\">\n\t\t\t\t<div class=\"elementor-widget-container\">\n\t\t\t\t\t\t\t\t\t<p><strong>Odavanje po\u010dasti postignu\u0107ima i \u010dvrstoj volji<\/strong><\/p>\t\t\t\t\t\t\t\t<\/div>\n\t\t\t\t<\/div>\n\t\t\t\t<div class=\"elementor-element elementor-element-7eb8e36 elementor-widget elementor-widget-text-editor\" data-id=\"7eb8e36\" data-element_type=\"widget\" data-e-type=\"widget\" data-widget_type=\"text-editor.default\">\n\t\t\t\t<div class=\"elementor-widget-container\">\n\t\t\t\t\t\t\t\t\t<p>Najva\u017enije je da je Mjesec ponosa osoba s invaliditetom prigoda za odavanje po\u010dasti postignu\u0107ima, sposobnostima i ustrajnosti osoba s invaliditetom. U tvrtki Precision, kroz na\u0161e usluge osobne asistencije (PAS), imali smo priliku vidjeti kako osobe s invaliditetom daju zna\u010dajan doprinos u raznim podru\u010djima. Od revolucionarnih postignu\u0107a u podru\u010djima poput prava, dr\u017eavne uprave, znanosti, umjetnosti i zagovaranja, do svakodnevnog pokazivanja hrabrosti i odlu\u010dnosti, zajednica osoba s invaliditetom ima mnogo razloga za slavlje. Isticanjem tih pobjeda i pri\u010da o uspjehu mo\u017eemo motivirati druge i njegovati osje\u0107aj ponosa i osna\u017eenja unutar zajednice osoba s invaliditetom.<\/p>\t\t\t\t\t\t\t\t<\/div>\n\t\t\t\t<\/div>\n\t\t\t\t<\/div>\n\t\t<div class=\"elementor-element elementor-element-fba9427 e-con-full e-flex e-con e-child\" data-id=\"fba9427\" data-element_type=\"container\" data-e-type=\"container\" data-settings=\"{&quot;jet_parallax_layout_list&quot;:[]}\">\n\t\t\t\t<div class=\"elementor-element elementor-element-9676adc elementor-widget elementor-widget-spacer\" data-id=\"9676adc\" data-element_type=\"widget\" data-e-type=\"widget\" data-widget_type=\"spacer.default\">\n\t\t\t\t<div class=\"elementor-widget-container\">\n\t\t\t\t\t\t\t<div class=\"elementor-spacer\">\n\t\t\t<div class=\"elementor-spacer-inner\"><\/div>\n\t\t<\/div>\n\t\t\t\t\t\t<\/div>\n\t\t\t\t<\/div>\n\t\t\t\t<\/div>\n\t\t\t\t<\/div>\n\t\t\t\t<\/div>\n\t\t\t\t<\/div>\n\t\t\t\t\t<\/div>\n\t\t\t\t<\/div>\n\t\t<div class=\"elementor-element elementor-element-9d6a8ff e-flex e-con-boxed e-con e-parent\" data-id=\"9d6a8ff\" data-element_type=\"container\" data-e-type=\"container\" data-settings=\"{&quot;jet_parallax_layout_list&quot;:[],&quot;background_background&quot;:&quot;classic&quot;}\">\n\t\t\t\t\t<div class=\"e-con-inner\">\n\t\t<div class=\"elementor-element elementor-element-3c20dcc e-con-full e-flex e-con e-child\" data-id=\"3c20dcc\" data-element_type=\"container\" data-e-type=\"container\" data-settings=\"{&quot;jet_parallax_layout_list&quot;:[]}\">\n\t\t<div class=\"elementor-element elementor-element-34749b2 e-con-full e-flex elementor-invisible e-con e-child\" data-id=\"34749b2\" data-element_type=\"container\" data-e-type=\"container\" data-settings=\"{&quot;jet_parallax_layout_list&quot;:[],&quot;animation&quot;:&quot;fadeIn&quot;}\">\n\t\t\t\t<div class=\"elementor-element elementor-element-1ccff5f elementor-widget elementor-widget-text-editor\" data-id=\"1ccff5f\" data-element_type=\"widget\" data-e-type=\"widget\" data-widget_type=\"text-editor.default\">\n\t\t\t\t<div class=\"elementor-widget-container\">\n\t\t\t\t\t\t\t\t\t<p><strong>Promicanje svijesti i zagovaranje promjena<\/strong><\/p>\t\t\t\t\t\t\t\t<\/div>\n\t\t\t\t<\/div>\n\t\t\t\t<div class=\"elementor-element elementor-element-ce127b8 elementor-widget elementor-widget-text-editor\" data-id=\"ce127b8\" data-element_type=\"widget\" data-e-type=\"widget\" data-widget_type=\"text-editor.default\">\n\t\t\t\t<div class=\"elementor-widget-container\">\n\t\t\t\t\t\t\t\t\t<p>Edukacija i zagovaranje klju\u010dni su za unapre\u0111enje ciljeva Mjeseca ponosa osoba s invaliditetom. Neophodno je informirati sebe i zaposlenike o pravima, potrebama i perspektivama osoba s invaliditetom. To podrazumijeva prepoznavanje va\u017enosti jezika i terminologije, po\u0161tivanje individualnih izbora i identiteta te borbu protiv diskriminacije u svim njezinim oblicima. Budu\u0107i da smo saveznici i zagovornici zajednice osoba s invaliditetom, mo\u017eemo te\u017eiti pravednijem i uklju\u010divijem dru\u0161tvu.<\/p><p>Posvetimo se osiguravanju pravednog postupanja i jednakih mogu\u0107nosti za osobe s invaliditetom u fizi\u010dkom i digitalnom okru\u017eenju. U tvrtki Precision HealthCare Consultants \u010dvrsto vjerujemo u va\u017enost obrazovanja nas samih i na\u0161ih zaposlenika kako bismo prepoznali i prihvatili osobe s invaliditetom.<\/p><p><strong>Te\u017eimo poticanju uklju\u010dive kulture koja otvara put budu\u0107im generacijama osoba s invaliditetom.<\/strong><\/p>\t\t\t\t\t\t\t\t<\/div>\n\t\t\t\t<\/div>\n\t\t\t\t<div class=\"elementor-element elementor-element-717b3f8 elementor-widget elementor-widget-image\" data-id=\"717b3f8\" data-element_type=\"widget\" data-e-type=\"widget\" data-widget_type=\"image.default\">\n\t\t\t\t<div class=\"elementor-widget-container\">\n\t\t\t\t\t\t\t\t\t\t\t\t\t\t\t<img fetchpriority=\"high\" decoding=\"async\" width=\"800\" height=\"319\" src=\"https:\/\/www.precisionhcc.com\/wp-content\/uploads\/2024\/07\/people-with-different-disabilities-waving-hand.png\" class=\"attachment-large size-large wp-image-3709\" alt=\"people-with-different-disabilities-waving-hands\" srcset=\"https:\/\/www.precisionhcc.com\/wp-content\/uploads\/2024\/07\/people-with-different-disabilities-waving-hand.png 2000w, https:\/\/www.precisionhcc.com\/wp-content\/uploads\/2024\/07\/people-with-different-disabilities-waving-hand-365x146.png 365w, https:\/\/www.precisionhcc.com\/wp-content\/uploads\/2024\/07\/people-with-different-disabilities-waving-hand-768x306.png 768w, https:\/\/www.precisionhcc.com\/wp-content\/uploads\/2024\/07\/people-with-different-disabilities-waving-hand-1536x613.png 1536w, https:\/\/www.precisionhcc.com\/wp-content\/uploads\/2024\/07\/people-with-different-disabilities-waving-hand-400x160.png 400w\" sizes=\"(max-width: 800px) 100vw, 800px\" \/>\t\t\t\t\t\t\t\t\t\t\t\t\t\t\t<\/div>\n\t\t\t\t<\/div>\n\t\t\t\t<\/div>\n\t\t\t\t<\/div>\n\t\t\t\t\t<\/div>\n\t\t\t\t<\/div>\n\t\t\t\t<\/div>","protected":false},"excerpt":{"rendered":"<p>In July, join Precision HealthCare Consultants in celebrating Disability Pride Month! This global observance traces its roots back to the United States, marking the enactment of the significant Americans with Disabilities Act of 1990 (ADA). This legislation prohibits employers from discriminating against qualified individuals based on their disabilities. Moreover, the ADA mandates non-discrimination in various [&hellip;]<\/p>\n","protected":false},"author":9,"featured_media":4573,"comment_status":"closed","ping_status":"closed","sticky":false,"template":"","format":"standard","meta":{"footnotes":""},"categories":[58],"tags":[],"class_list":["post-3699","post","type-post","status-publish","format-standard","has-post-thumbnail","hentry","category-healthcare"],"yoast_head":"<!-- This site is optimized with the Yoast SEO plugin v27.5 - https:\/\/yoast.com\/product\/yoast-seo-wordpress\/ -->\n<title>Embracing Empowerment and Inclusion: Celebrating Disability Pride Month | Precision HealthCare Consultants<\/title>\n<meta name=\"description\" content=\"In July, join Precision HealthCare Consultants in celebrating Disability Pride Month! This global observance traces its roots back to the United States,\" \/>\n<meta name=\"robots\" content=\"index, follow, max-snippet:-1, max-image-preview:large, max-video-preview:-1\" \/>\n<link rel=\"canonical\" href=\"https:\/\/www.precisionhcc.com\/hr\/embracing-empowerment-and-inclusion-celebrating-disability-pride-month\/\" \/>\n<meta property=\"og:locale\" content=\"hr_HR\" \/>\n<meta property=\"og:type\" content=\"article\" \/>\n<meta property=\"og:title\" content=\"Embracing Empowerment and Inclusion: Celebrating Disability Pride Month | Precision HealthCare Consultants\" \/>\n<meta property=\"og:description\" content=\"In July, join Precision HealthCare Consultants in celebrating Disability Pride Month! This global observance traces its roots back to the United States,\" \/>\n<meta property=\"og:url\" content=\"https:\/\/www.precisionhcc.com\/hr\/embracing-empowerment-and-inclusion-celebrating-disability-pride-month\/\" \/>\n<meta property=\"og:site_name\" content=\"Precision HealthCare Consultants\" \/>\n<meta property=\"article:publisher\" content=\"https:\/\/www.facebook.com\/Precision-Healthcare-Consultants-166924926665497\/\" \/>\n<meta property=\"article:published_time\" content=\"2024-07-21T22:48:28+00:00\" \/>\n<meta property=\"article:modified_time\" content=\"2025-04-02T14:34:48+00:00\" \/>\n<meta property=\"og:image\" content=\"https:\/\/www.precisionhcc.com\/wp-content\/uploads\/2025\/02\/phcc-blog-02.jpg\" \/>\n\t<meta property=\"og:image:width\" content=\"1280\" \/>\n\t<meta property=\"og:image:height\" content=\"854\" \/>\n\t<meta property=\"og:image:type\" content=\"image\/jpeg\" \/>\n<meta name=\"author\" content=\"Taylor Lankin\" \/>\n<meta name=\"twitter:card\" content=\"summary_large_image\" \/>\n<meta name=\"twitter:creator\" content=\"@precisionhcc\" \/>\n<meta name=\"twitter:site\" content=\"@precisionhcc\" \/>\n<meta name=\"twitter:label1\" content=\"Written by\" \/>\n\t<meta name=\"twitter:data1\" content=\"Taylor Lankin\" \/>\n\t<meta name=\"twitter:label2\" content=\"Est. reading time\" \/>\n\t<meta name=\"twitter:data2\" content=\"2 minute\" \/>\n<script type=\"application\/ld+json\" class=\"yoast-schema-graph\">{\"@context\":\"https:\\\/\\\/schema.org\",\"@graph\":[{\"@type\":\"Article\",\"@id\":\"https:\\\/\\\/www.precisionhcc.com\\\/embracing-empowerment-and-inclusion-celebrating-disability-pride-month\\\/#article\",\"isPartOf\":{\"@id\":\"https:\\\/\\\/www.precisionhcc.com\\\/embracing-empowerment-and-inclusion-celebrating-disability-pride-month\\\/\"},\"author\":{\"name\":\"Taylor Lankin\",\"@id\":\"https:\\\/\\\/www.precisionhcc.com\\\/#\\\/schema\\\/person\\\/580b67e26932c0748cf88ce6f6b08c91\"},\"headline\":\"Embracing Empowerment and Inclusion: Celebrating Disability Pride Month\",\"datePublished\":\"2024-07-21T22:48:28+00:00\",\"dateModified\":\"2025-04-02T14:34:48+00:00\",\"mainEntityOfPage\":{\"@id\":\"https:\\\/\\\/www.precisionhcc.com\\\/embracing-empowerment-and-inclusion-celebrating-disability-pride-month\\\/\"},\"wordCount\":376,\"publisher\":{\"@id\":\"https:\\\/\\\/www.precisionhcc.com\\\/#organization\"},\"image\":{\"@id\":\"https:\\\/\\\/www.precisionhcc.com\\\/embracing-empowerment-and-inclusion-celebrating-disability-pride-month\\\/#primaryimage\"},\"thumbnailUrl\":\"https:\\\/\\\/www.precisionhcc.com\\\/wp-content\\\/uploads\\\/2025\\\/02\\\/phcc-blog-02.jpg\",\"articleSection\":[\"Healthcare\"],\"inLanguage\":\"hr\"},{\"@type\":\"WebPage\",\"@id\":\"https:\\\/\\\/www.precisionhcc.com\\\/embracing-empowerment-and-inclusion-celebrating-disability-pride-month\\\/\",\"url\":\"https:\\\/\\\/www.precisionhcc.com\\\/embracing-empowerment-and-inclusion-celebrating-disability-pride-month\\\/\",\"name\":\"Embracing Empowerment and Inclusion: Celebrating Disability Pride Month | Precision HealthCare Consultants\",\"isPartOf\":{\"@id\":\"https:\\\/\\\/www.precisionhcc.com\\\/#website\"},\"primaryImageOfPage\":{\"@id\":\"https:\\\/\\\/www.precisionhcc.com\\\/embracing-empowerment-and-inclusion-celebrating-disability-pride-month\\\/#primaryimage\"},\"image\":{\"@id\":\"https:\\\/\\\/www.precisionhcc.com\\\/embracing-empowerment-and-inclusion-celebrating-disability-pride-month\\\/#primaryimage\"},\"thumbnailUrl\":\"https:\\\/\\\/www.precisionhcc.com\\\/wp-content\\\/uploads\\\/2025\\\/02\\\/phcc-blog-02.jpg\",\"datePublished\":\"2024-07-21T22:48:28+00:00\",\"dateModified\":\"2025-04-02T14:34:48+00:00\",\"description\":\"In July, join Precision HealthCare Consultants in celebrating Disability Pride Month! This global observance traces its roots back to the United States,\",\"breadcrumb\":{\"@id\":\"https:\\\/\\\/www.precisionhcc.com\\\/embracing-empowerment-and-inclusion-celebrating-disability-pride-month\\\/#breadcrumb\"},\"inLanguage\":\"hr\",\"potentialAction\":[{\"@type\":\"ReadAction\",\"target\":[\"https:\\\/\\\/www.precisionhcc.com\\\/embracing-empowerment-and-inclusion-celebrating-disability-pride-month\\\/\"]}]},{\"@type\":\"ImageObject\",\"inLanguage\":\"hr\",\"@id\":\"https:\\\/\\\/www.precisionhcc.com\\\/embracing-empowerment-and-inclusion-celebrating-disability-pride-month\\\/#primaryimage\",\"url\":\"https:\\\/\\\/www.precisionhcc.com\\\/wp-content\\\/uploads\\\/2025\\\/02\\\/phcc-blog-02.jpg\",\"contentUrl\":\"https:\\\/\\\/www.precisionhcc.com\\\/wp-content\\\/uploads\\\/2025\\\/02\\\/phcc-blog-02.jpg\",\"width\":1280,\"height\":854},{\"@type\":\"BreadcrumbList\",\"@id\":\"https:\\\/\\\/www.precisionhcc.com\\\/embracing-empowerment-and-inclusion-celebrating-disability-pride-month\\\/#breadcrumb\",\"itemListElement\":[{\"@type\":\"ListItem\",\"position\":1,\"name\":\"Home\",\"item\":\"https:\\\/\\\/www.precisionhcc.com\\\/\"},{\"@type\":\"ListItem\",\"position\":2,\"name\":\"Embracing Empowerment and Inclusion: Celebrating Disability Pride Month\"}]},{\"@type\":\"WebSite\",\"@id\":\"https:\\\/\\\/www.precisionhcc.com\\\/#website\",\"url\":\"https:\\\/\\\/www.precisionhcc.com\\\/\",\"name\":\"Precision Healthcare Consultants\",\"description\":\"\",\"publisher\":{\"@id\":\"https:\\\/\\\/www.precisionhcc.com\\\/#organization\"},\"alternateName\":\"PHCC\",\"potentialAction\":[{\"@type\":\"SearchAction\",\"target\":{\"@type\":\"EntryPoint\",\"urlTemplate\":\"https:\\\/\\\/www.precisionhcc.com\\\/?s={search_term_string}\"},\"query-input\":{\"@type\":\"PropertyValueSpecification\",\"valueRequired\":true,\"valueName\":\"search_term_string\"}}],\"inLanguage\":\"hr\"},{\"@type\":\"Organization\",\"@id\":\"https:\\\/\\\/www.precisionhcc.com\\\/#organization\",\"name\":\"Precision HealthCare Consultants\",\"url\":\"https:\\\/\\\/www.precisionhcc.com\\\/\",\"logo\":{\"@type\":\"ImageObject\",\"inLanguage\":\"hr\",\"@id\":\"https:\\\/\\\/www.precisionhcc.com\\\/#\\\/schema\\\/logo\\\/image\\\/\",\"url\":\"https:\\\/\\\/www.precisionhcc.com\\\/wp-content\\\/uploads\\\/2020\\\/07\\\/Precision-logo.png\",\"contentUrl\":\"https:\\\/\\\/www.precisionhcc.com\\\/wp-content\\\/uploads\\\/2020\\\/07\\\/Precision-logo.png\",\"width\":656,\"height\":274,\"caption\":\"Precision HealthCare Consultants\"},\"image\":{\"@id\":\"https:\\\/\\\/www.precisionhcc.com\\\/#\\\/schema\\\/logo\\\/image\\\/\"},\"sameAs\":[\"https:\\\/\\\/www.facebook.com\\\/Precision-Healthcare-Consultants-166924926665497\\\/\",\"https:\\\/\\\/x.com\\\/precisionhcc\",\"https:\\\/\\\/www.linkedin.com\\\/in\\\/vanessa-best-ccs-p-cpc-ahima-icd-10-trainer-3bb948\",\"https:\\\/\\\/www.youtube.com\\\/channel\\\/UCZ6WKds91FdRPWEeGfwxv0A\"]},{\"@type\":\"Person\",\"@id\":\"https:\\\/\\\/www.precisionhcc.com\\\/#\\\/schema\\\/person\\\/580b67e26932c0748cf88ce6f6b08c91\",\"name\":\"Taylor Lankin\",\"image\":{\"@type\":\"ImageObject\",\"inLanguage\":\"hr\",\"@id\":\"https:\\\/\\\/secure.gravatar.com\\\/avatar\\\/715df2f94f53084ca3b7796e67c41ed4f85dc9266c8d3fe466eb41b71749f5df?s=96&d=mm&r=g\",\"url\":\"https:\\\/\\\/secure.gravatar.com\\\/avatar\\\/715df2f94f53084ca3b7796e67c41ed4f85dc9266c8d3fe466eb41b71749f5df?s=96&d=mm&r=g\",\"contentUrl\":\"https:\\\/\\\/secure.gravatar.com\\\/avatar\\\/715df2f94f53084ca3b7796e67c41ed4f85dc9266c8d3fe466eb41b71749f5df?s=96&d=mm&r=g\",\"caption\":\"Taylor Lankin\"},\"sameAs\":[\"http:\\\/\\\/www.precisionhcc.com\"],\"url\":\"https:\\\/\\\/www.precisionhcc.com\\\/hr\\\/author\\\/taylor\\\/\"}]}<\/script>\n<!-- \/ Yoast SEO plugin. -->","yoast_head_json":{"title":"Embracing Empowerment and Inclusion: Celebrating Disability Pride Month | Precision HealthCare Consultants","description":"In July, join Precision HealthCare Consultants in celebrating Disability Pride Month! This global observance traces its roots back to the United States,","robots":{"index":"index","follow":"follow","max-snippet":"max-snippet:-1","max-image-preview":"max-image-preview:large","max-video-preview":"max-video-preview:-1"},"canonical":"https:\/\/www.precisionhcc.com\/hr\/embracing-empowerment-and-inclusion-celebrating-disability-pride-month\/","og_locale":"hr_HR","og_type":"article","og_title":"Embracing Empowerment and Inclusion: Celebrating Disability Pride Month | Precision HealthCare Consultants","og_description":"In July, join Precision HealthCare Consultants in celebrating Disability Pride Month! This global observance traces its roots back to the United States,","og_url":"https:\/\/www.precisionhcc.com\/hr\/embracing-empowerment-and-inclusion-celebrating-disability-pride-month\/","og_site_name":"Precision HealthCare Consultants","article_publisher":"https:\/\/www.facebook.com\/Precision-Healthcare-Consultants-166924926665497\/","article_published_time":"2024-07-21T22:48:28+00:00","article_modified_time":"2025-04-02T14:34:48+00:00","og_image":[{"width":1280,"height":854,"url":"https:\/\/www.precisionhcc.com\/wp-content\/uploads\/2025\/02\/phcc-blog-02.jpg","type":"image\/jpeg"}],"author":"Taylor Lankin","twitter_card":"summary_large_image","twitter_creator":"@precisionhcc","twitter_site":"@precisionhcc","twitter_misc":{"Written by":"Taylor Lankin","Est. reading time":"2 minute"},"schema":{"@context":"https:\/\/schema.org","@graph":[{"@type":"Article","@id":"https:\/\/www.precisionhcc.com\/embracing-empowerment-and-inclusion-celebrating-disability-pride-month\/#article","isPartOf":{"@id":"https:\/\/www.precisionhcc.com\/embracing-empowerment-and-inclusion-celebrating-disability-pride-month\/"},"author":{"name":"Taylor Lankin","@id":"https:\/\/www.precisionhcc.com\/#\/schema\/person\/580b67e26932c0748cf88ce6f6b08c91"},"headline":"Embracing Empowerment and Inclusion: Celebrating Disability Pride Month","datePublished":"2024-07-21T22:48:28+00:00","dateModified":"2025-04-02T14:34:48+00:00","mainEntityOfPage":{"@id":"https:\/\/www.precisionhcc.com\/embracing-empowerment-and-inclusion-celebrating-disability-pride-month\/"},"wordCount":376,"publisher":{"@id":"https:\/\/www.precisionhcc.com\/#organization"},"image":{"@id":"https:\/\/www.precisionhcc.com\/embracing-empowerment-and-inclusion-celebrating-disability-pride-month\/#primaryimage"},"thumbnailUrl":"https:\/\/www.precisionhcc.com\/wp-content\/uploads\/2025\/02\/phcc-blog-02.jpg","articleSection":["Healthcare"],"inLanguage":"hr"},{"@type":"WebPage","@id":"https:\/\/www.precisionhcc.com\/embracing-empowerment-and-inclusion-celebrating-disability-pride-month\/","url":"https:\/\/www.precisionhcc.com\/embracing-empowerment-and-inclusion-celebrating-disability-pride-month\/","name":"Embracing Empowerment and Inclusion: Celebrating Disability Pride Month | Precision HealthCare Consultants","isPartOf":{"@id":"https:\/\/www.precisionhcc.com\/#website"},"primaryImageOfPage":{"@id":"https:\/\/www.precisionhcc.com\/embracing-empowerment-and-inclusion-celebrating-disability-pride-month\/#primaryimage"},"image":{"@id":"https:\/\/www.precisionhcc.com\/embracing-empowerment-and-inclusion-celebrating-disability-pride-month\/#primaryimage"},"thumbnailUrl":"https:\/\/www.precisionhcc.com\/wp-content\/uploads\/2025\/02\/phcc-blog-02.jpg","datePublished":"2024-07-21T22:48:28+00:00","dateModified":"2025-04-02T14:34:48+00:00","description":"In July, join Precision HealthCare Consultants in celebrating Disability Pride Month! This global observance traces its roots back to the United States,","breadcrumb":{"@id":"https:\/\/www.precisionhcc.com\/embracing-empowerment-and-inclusion-celebrating-disability-pride-month\/#breadcrumb"},"inLanguage":"hr","potentialAction":[{"@type":"ReadAction","target":["https:\/\/www.precisionhcc.com\/embracing-empowerment-and-inclusion-celebrating-disability-pride-month\/"]}]},{"@type":"ImageObject","inLanguage":"hr","@id":"https:\/\/www.precisionhcc.com\/embracing-empowerment-and-inclusion-celebrating-disability-pride-month\/#primaryimage","url":"https:\/\/www.precisionhcc.com\/wp-content\/uploads\/2025\/02\/phcc-blog-02.jpg","contentUrl":"https:\/\/www.precisionhcc.com\/wp-content\/uploads\/2025\/02\/phcc-blog-02.jpg","width":1280,"height":854},{"@type":"BreadcrumbList","@id":"https:\/\/www.precisionhcc.com\/embracing-empowerment-and-inclusion-celebrating-disability-pride-month\/#breadcrumb","itemListElement":[{"@type":"ListItem","position":1,"name":"Home","item":"https:\/\/www.precisionhcc.com\/"},{"@type":"ListItem","position":2,"name":"Embracing Empowerment and Inclusion: Celebrating Disability Pride Month"}]},{"@type":"WebSite","@id":"https:\/\/www.precisionhcc.com\/#website","url":"https:\/\/www.precisionhcc.com\/","name":"Konzultanti za preciznu zdravstvenu skrb","description":"","publisher":{"@id":"https:\/\/www.precisionhcc.com\/#organization"},"alternateName":"PHCC","potentialAction":[{"@type":"SearchAction","target":{"@type":"EntryPoint","urlTemplate":"https:\/\/www.precisionhcc.com\/?s={search_term_string}"},"query-input":{"@type":"PropertyValueSpecification","valueRequired":true,"valueName":"search_term_string"}}],"inLanguage":"hr"},{"@type":"Organization","@id":"https:\/\/www.precisionhcc.com\/#organization","name":"Konzultanti za preciznu zdravstvenu skrb","url":"https:\/\/www.precisionhcc.com\/","logo":{"@type":"ImageObject","inLanguage":"hr","@id":"https:\/\/www.precisionhcc.com\/#\/schema\/logo\/image\/","url":"https:\/\/www.precisionhcc.com\/wp-content\/uploads\/2020\/07\/Precision-logo.png","contentUrl":"https:\/\/www.precisionhcc.com\/wp-content\/uploads\/2020\/07\/Precision-logo.png","width":656,"height":274,"caption":"Precision HealthCare Consultants"},"image":{"@id":"https:\/\/www.precisionhcc.com\/#\/schema\/logo\/image\/"},"sameAs":["https:\/\/www.facebook.com\/Precision-Healthcare-Consultants-166924926665497\/","https:\/\/x.com\/precisionhcc","https:\/\/www.linkedin.com\/in\/vanessa-best-ccs-p-cpc-ahima-icd-10-trainer-3bb948","https:\/\/www.youtube.com\/channel\/UCZ6WKds91FdRPWEeGfwxv0A"]},{"@type":"Person","@id":"https:\/\/www.precisionhcc.com\/#\/schema\/person\/580b67e26932c0748cf88ce6f6b08c91","name":"Taylor Lankin","image":{"@type":"ImageObject","inLanguage":"hr","@id":"https:\/\/secure.gravatar.com\/avatar\/715df2f94f53084ca3b7796e67c41ed4f85dc9266c8d3fe466eb41b71749f5df?s=96&d=mm&r=g","url":"https:\/\/secure.gravatar.com\/avatar\/715df2f94f53084ca3b7796e67c41ed4f85dc9266c8d3fe466eb41b71749f5df?s=96&d=mm&r=g","contentUrl":"https:\/\/secure.gravatar.com\/avatar\/715df2f94f53084ca3b7796e67c41ed4f85dc9266c8d3fe466eb41b71749f5df?s=96&d=mm&r=g","caption":"Taylor Lankin"},"sameAs":["http:\/\/www.precisionhcc.com"],"url":"https:\/\/www.precisionhcc.com\/hr\/author\/taylor\/"}]}},"_links":{"self":[{"href":"https:\/\/www.precisionhcc.com\/hr\/wp-json\/wp\/v2\/posts\/3699","targetHints":{"allow":["GET"]}}],"collection":[{"href":"https:\/\/www.precisionhcc.com\/hr\/wp-json\/wp\/v2\/posts"}],"about":[{"href":"https:\/\/www.precisionhcc.com\/hr\/wp-json\/wp\/v2\/types\/post"}],"author":[{"embeddable":true,"href":"https:\/\/www.precisionhcc.com\/hr\/wp-json\/wp\/v2\/users\/9"}],"replies":[{"embeddable":true,"href":"https:\/\/www.precisionhcc.com\/hr\/wp-json\/wp\/v2\/comments?post=3699"}],"version-history":[{"count":0,"href":"https:\/\/www.precisionhcc.com\/hr\/wp-json\/wp\/v2\/posts\/3699\/revisions"}],"wp:featuredmedia":[{"embeddable":true,"href":"https:\/\/www.precisionhcc.com\/hr\/wp-json\/wp\/v2\/media\/4573"}],"wp:attachment":[{"href":"https:\/\/www.precisionhcc.com\/hr\/wp-json\/wp\/v2\/media?parent=3699"}],"wp:term":[{"taxonomy":"category","embeddable":true,"href":"https:\/\/www.precisionhcc.com\/hr\/wp-json\/wp\/v2\/categories?post=3699"},{"taxonomy":"post_tag","embeddable":true,"href":"https:\/\/www.precisionhcc.com\/hr\/wp-json\/wp\/v2\/tags?post=3699"}],"curies":[{"name":"wp","href":"https:\/\/api.w.org\/{rel}","templated":true}]}}